{"id":140,"date":"2024-04-23T09:42:34","date_gmt":"2024-04-23T07:42:34","guid":{"rendered":"https:\/\/vdlmanagement.com\/?p=140"},"modified":"2024-04-23T11:47:43","modified_gmt":"2024-04-23T09:47:43","slug":"politique-de-protection-des-donnees-personnelles","status":"publish","type":"post","link":"https:\/\/vdlmanagement.com\/index.php\/2024\/04\/23\/politique-de-protection-des-donnees-personnelles\/","title":{"rendered":"Politique de protection des donn\u00e9es personnelles"},"content":{"rendered":"<div class=\"wp-block-image\">\n<figure class=\"aligncenter size-full is-resized\"><img loading=\"lazy\" decoding=\"async\" width=\"317\" height=\"169\" src=\"https:\/\/vdlmanagement.com\/wp-content\/uploads\/2024\/04\/LogoQualiopi-150dpi-AvecMarianne-2.png\" alt=\"\" class=\"wp-image-131\" style=\"width:363px;height:auto\" srcset=\"https:\/\/vdlmanagement.com\/wp-content\/uploads\/2024\/04\/LogoQualiopi-150dpi-AvecMarianne-2.png 317w, https:\/\/vdlmanagement.com\/wp-content\/uploads\/2024\/04\/LogoQualiopi-150dpi-AvecMarianne-2-300x160.png 300w\" sizes=\"auto, (max-width: 317px) 100vw, 317px\" \/><figcaption class=\"wp-element-caption\">La certification qualit\u00e9 a \u00e9t\u00e9 d\u00e9livr\u00e9e au\u00a0<br>titre de la cat\u00e9gorie d&rsquo;action suivante :<br><strong>-Actions de formation<\/strong><\/figcaption><\/figure>\n<\/div>\n\n\n<p>\u200b<\/p>\n\n\n\n<p><strong>Politique de protection des donn\u00e9es personnelles<\/strong><\/p>\n\n\n\n<p>Politique de protection des donn\u00e9es personnelles<\/p>\n\n\n\n<p>Chez&nbsp;<strong>van der laan management consultants<\/strong>, la protection de vos donn\u00e9es personnelles est une priorit\u00e9.&nbsp;<\/p>\n\n\n\n<p>Dans le cadre des actions de formation que nous r\u00e9alisons, nous sommes amen\u00e9s \u00e0 recueillir des donn\u00e9es \u00e0 caract\u00e8re personnel vous concernant.<\/p>\n\n\n\n<p>Le but de cette politique est de vous informer sur les modalit\u00e9s selon lesquelles nous traitons ces donn\u00e9es en conformit\u00e9 avec le R\u00e8glement (UE) 2016\/679 du 27 avril 2016 relatif \u00e0 la protection des personnes physiques \u00e0 l&rsquo;\u00e9gard du traitement des donn\u00e9es \u00e0 caract\u00e8re personnel et \u00e0 la libre circulation de ces donn\u00e9es (ci-apr\u00e8s le \u00ab&nbsp;<strong>RGPD<\/strong>&nbsp;\u00bb).<\/p>\n\n\n\n<p><strong><u>1. Qui est le responsable de traitement&nbsp;?<\/u><\/strong><\/p>\n\n\n\n<p>Le responsable de traitement est la soci\u00e9t\u00e9&nbsp;<strong>van der laan management consultants<\/strong>,&nbsp;SARL, immatricul\u00e9e au&nbsp;<strong>RCS de&nbsp;<\/strong><strong>R\u00e9gion HAUTS-DE-FRANCE<\/strong>&nbsp;sous le n\u00b0&nbsp;<strong>N\u00b0 SIREN 50453162500029<\/strong>&nbsp;de l&rsquo;organisme&nbsp;<strong>van der laan management consultants<\/strong>&nbsp;et dont le si\u00e8ge social est situ\u00e9 au&nbsp;<strong>4 rue Vall\u00e9e, 02400 CHATEAU-THIERRY<\/strong>.<\/p>\n\n\n\n<p><strong><u>2.&nbsp;Quelles donn\u00e9es collectons-nous&nbsp;?&nbsp;<\/u><\/strong><\/p>\n\n\n\n<p>Une donn\u00e9e \u00e0 caract\u00e8re personnel est une donn\u00e9e qui permet d\u2019identifier un individu directement ou par recoupement avec d\u2019autres donn\u00e9es.&nbsp;<\/p>\n\n\n\n<p>Nous collectons des donn\u00e9es qui rel\u00e8vent des cat\u00e9gories suivantes :<\/p>\n\n\n\n<ul class=\"wp-block-list\">\n<li><strong>Des donn\u00e9es d\u2019identification<\/strong>&nbsp;(notamment vos nom, pr\u00e9noms, adresse email et postale, num\u00e9ro de t\u00e9l\u00e9phone)&nbsp;;<\/li>\n\n\n\n<li><strong>Des donn\u00e9es de connexion&nbsp;<\/strong>(notamment votre adresse IP et log de connexion)&nbsp;<strong>;<\/strong><\/li>\n\n\n\n<li><strong>Des donn\u00e9es relatives \u00e0 votre vie professionnelle&nbsp;<\/strong>(notamment vos dipl\u00f4mes, votre profession)<strong>&nbsp;;<\/strong><\/li>\n\n\n\n<li><strong>Des donn\u00e9es issues des emails que vous avez \u00e9chang\u00e9s avec nos \u00e9quipes&nbsp;<\/strong>(par exemple&nbsp;: le contenu des emails, leurs dates)<strong>&nbsp;;<\/strong><\/li>\n\n\n\n<li><strong>Des donn\u00e9es \u00e9conomiques et financi\u00e8res&nbsp;<\/strong>(par exemple&nbsp;: RIB, donn\u00e9es relatives \u00e0 vos cartes bancaires)<strong>.<\/strong><\/li>\n<\/ul>\n\n\n\n<p>Les donn\u00e9es obligatoires sont indiqu\u00e9es lorsque vous nous fournissez vos donn\u00e9es. Elles sont signal\u00e9es par un ast\u00e9risque et sont n\u00e9cessaires pour r\u00e9aliser nos actions de formation.<\/p>\n\n\n\n<p><strong><u>3. Sur quelles bases l\u00e9gales, pour quelles finalit\u00e9s et pendant combien de temps conservons-nous vos donn\u00e9es personnelles ?<\/u><\/strong><\/p>\n\n\n\n<figure class=\"wp-block-table\"><table><tbody><tr><td>&nbsp;<strong>Finalit\u00e9s<\/strong><\/td><td><strong>Bases l\u00e9gales<\/strong><\/td><td><strong>Dur\u00e9es de conservation<\/strong><\/td><\/tr><tr><td>Fournir nos services de formation en pr\u00e9sentiel<\/td><td>Ex\u00e9cution d\u2019un contrat que vous avez souscrit<\/td><td>&nbsp;Les donn\u00e9es sont conserv\u00e9es en base active pendant toute la dur\u00e9e de la relation contractuelle et augment\u00e9e d\u2019un d\u00e9lai de 3 ans \u00e0 compter de cette derni\u00e8re, \u00e0 des fins de prospection.En outre, vos donn\u00e9es sont archiv\u00e9es pendant 5 ans \u00e0 compter de la fin de la relation commerciale \u00e0 des fins probatoires, en archivage interm\u00e9diaire.&nbsp;<br><\/td><\/tr><tr><td>Fournir nos services de formations disponibles via notre plateforme e-learning (formations en direct et en replay) &nbsp;&nbsp;&nbsp;<\/td><td>Ex\u00e9cution d\u2019un contrat que vous avez souscrit<\/td><td>Les donn\u00e9es sont conserv\u00e9es en base active pendant toute la dur\u00e9e de la relation contractuelle et augment\u00e9e d\u2019un d\u00e9lai de 3 ans \u00e0 compter de cette derni\u00e8re, \u00e0 des fins de prospection.En outre, vos donn\u00e9es sont archiv\u00e9es pendant 5 ans \u00e0 compter de la fin de la relation commerciale \u00e0 des fins probatoires, en archivage interm\u00e9diaire.&nbsp;&nbsp;<\/td><\/tr><tr><td>Proc\u00e9der au paiement des formations en ligne, effectuer les op\u00e9rations relatives \u00e0 la gestion des clients concernant les contrats, factures et suivi de la relation avec les clients<\/td><td>Ex\u00e9cution d\u2019un contrat que vous avez souscrit<\/td><td>Les donn\u00e9es sont conserv\u00e9es pendant toute la dur\u00e9e de la relation contractuelle et augment\u00e9e d\u2019un d\u00e9lai de 3 ans \u00e0 compter de la fin de cette derni\u00e8re.En outre, vos donn\u00e9es (\u00e0 l\u2019exception de vos coordonn\u00e9es bancaires) sont archiv\u00e9es \u00e0 des fins probatoires pendant une dur\u00e9e de 5 ans.Concernant les donn\u00e9es relatives \u00e0 votre carte bancaire, elles sont conserv\u00e9es par notre prestataire de service de paiement (*).Les donn\u00e9es relatives au cryptogramme visuel ou CVV2, inscrit sur votre carte bancaire, ne sont pas stock\u00e9es.<\/td><\/tr><tr><td>Constituer un fichier de clients<\/td><td>Notre int\u00e9r\u00eat l\u00e9gitime \u00e0 d\u00e9velopper et promouvoir notre activit\u00e9<\/td><td>Les donn\u00e9es sont conserv\u00e9es pendant toute la dur\u00e9e de la relation commerciale et sont supprim\u00e9es \u00e0 l\u2019expiration d\u2019un d\u00e9lai de 3 ans \u00e0 compter de la fin de la relation commerciale.&nbsp;<\/td><\/tr><tr><td>Adresser des newsletters, sollicitations et messages promotionnels<\/td><td>Notre int\u00e9r\u00eat l\u00e9gitime \u00e0 d\u00e9velopper et promouvoir notre activit\u00e9<\/td><td>Les donn\u00e9es sont conserv\u00e9es pendant 3 ans \u00e0 compter de votre dernier contact.<\/td><\/tr><tr><td>&nbsp;<strong>Finalit\u00e9s<\/strong><\/td><td><strong>Bases l\u00e9gales<\/strong><\/td><td><strong>Dur\u00e9es de conservation<\/strong><\/td><\/tr><tr><td>&nbsp;<\/td><td>&nbsp;<\/td><td>&nbsp;<\/td><\/tr><tr><td>R\u00e9pondre \u00e0 vos demandes d\u2019information<\/td><td>Notre int\u00e9r\u00eat l\u00e9gitime \u00e0 r\u00e9pondre \u00e0 vos demandes<\/td><td>Les donn\u00e9es sont conserv\u00e9es pendant le temps n\u00e9cessaire au traitement de votre demande d\u2019information et supprim\u00e9es une fois la demande d\u2019information trait\u00e9e.<\/td><\/tr><tr><td>Se conformer aux obligations l\u00e9gales applicables \u00e0 notre activit\u00e9<\/td><td>Se conformer \u00e0 nos obligations l\u00e9gales et r\u00e8glementaires<\/td><td>Pour les factures : les factures sont archiv\u00e9es pendant une dur\u00e9e de 10 ans.<\/td><\/tr><tr><td>G\u00e9rer les demandes d\u2019exercice de droits<\/td><td>Se conformer \u00e0 nos obligations l\u00e9gales et r\u00e8glementaires<\/td><td>Si nous vous demandons un justificatif d\u2019identit\u00e9 : nous le conservons seulement pendant le temps n\u00e9cessaire \u00e0 la v\u00e9rification d\u2019identit\u00e9. Une fois la v\u00e9rification effectu\u00e9e, le justificatif est supprim\u00e9.Si vous exercez votre droit d\u2019opposition \u00e0 exercer de la prospection : nous conservons cette information pendant 3 ans.<br>&nbsp;<\/td><\/tr><\/tbody><\/table><\/figure>\n\n\n\n<p><strong><u>4. Qui sont les destinataires de vos donn\u00e9es&nbsp;?<\/u><\/strong><\/p>\n\n\n\n<p>Auront acc\u00e8s \u00e0 vos donn\u00e9es \u00e0 caract\u00e8re personnel&nbsp;:<\/p>\n\n\n\n<p>&nbsp;(i) Le personnel de notre soci\u00e9t\u00e9 ;<\/p>\n\n\n\n<p>(ii) Nos sous-traitants&nbsp;: prestataire d\u2019h\u00e9bergement, logiciel de gestion des formations, prestataire d\u2019envoi de newsletters, outil CRM ;(iii)&nbsp;Le cas \u00e9ch\u00e9ant&nbsp;: les organismes publics et priv\u00e9s, exclusivement pour r\u00e9pondre \u00e0 nos obligations l\u00e9gales.<\/p>\n\n\n\n<p><strong><u>5. Vos donn\u00e9es sont-elles susceptibles d\u2019\u00eatre transf\u00e9r\u00e9es hors de l\u2019Union europ\u00e9enne&nbsp;? NON<\/u><\/strong><\/p>\n\n\n\n<p><strong>Vos donn\u00e9es sont conserv\u00e9es et stock\u00e9es pendant toute la dur\u00e9e des traitements sur les serveurs de la soci\u00e9t\u00e9&nbsp;<\/strong><strong>OVH&nbsp;situ\u00e9s dans l\u2019Union europ\u00e9enne.<\/strong><strong><\/strong><\/p>\n\n\n\n<p>Dans le cadre des outils que nous utilisons (voir article sur les destinataires concernant nos sous-traitants), vos donn\u00e9es sont susceptibles de faire l\u2019objet de transferts hors de l\u2019Union europ\u00e9enne. Le transfert de vos donn\u00e9es dans ce cadre est s\u00e9curis\u00e9 au moyen des outils suivants&nbsp;:&nbsp;ces donn\u00e9es sont transf\u00e9r\u00e9es dans un pays ayant \u00e9t\u00e9 jug\u00e9 comme offrant un niveau de protection ad\u00e9quat par une d\u00e9cision de la Commission europ\u00e9enne.<\/p>\n","protected":false},"excerpt":{"rendered":"<p>\u200b Politique de protection des donn\u00e9es personnelles Politique de protection des donn\u00e9es personnelles Chez&nbsp;van der laan management consultants, la protection de vos donn\u00e9es personnelles est une priorit\u00e9.&nbsp; Dans le cadre des actions de formation que nous r\u00e9alisons, nous sommes amen\u00e9s \u00e0 recueillir des donn\u00e9es \u00e0 caract\u00e8re personnel vous concernant. Le but de cette politique est &hellip; <\/p>\n<p class=\"link-more\"><a href=\"https:\/\/vdlmanagement.com\/index.php\/2024\/04\/23\/politique-de-protection-des-donnees-personnelles\/\" class=\"more-link\">Continuer la lecture<span class=\"screen-reader-text\"> de &laquo;&nbsp;Politique de protection des donn\u00e9es personnelles&nbsp;&raquo;<\/span><\/a><\/p>\n","protected":false},"author":1,"featured_media":0,"comment_status":"closed","ping_status":"open","sticky":false,"template":"","format":"standard","meta":{"footnotes":""},"categories":[1],"tags":[],"class_list":["post-140","post","type-post","status-publish","format-standard","hentry","category-non-classe"],"_links":{"self":[{"href":"https:\/\/vdlmanagement.com\/index.php\/wp-json\/wp\/v2\/posts\/140","targetHints":{"allow":["GET"]}}],"collection":[{"href":"https:\/\/vdlmanagement.com\/index.php\/wp-json\/wp\/v2\/posts"}],"about":[{"href":"https:\/\/vdlmanagement.com\/index.php\/wp-json\/wp\/v2\/types\/post"}],"author":[{"embeddable":true,"href":"https:\/\/vdlmanagement.com\/index.php\/wp-json\/wp\/v2\/users\/1"}],"replies":[{"embeddable":true,"href":"https:\/\/vdlmanagement.com\/index.php\/wp-json\/wp\/v2\/comments?post=140"}],"version-history":[{"count":3,"href":"https:\/\/vdlmanagement.com\/index.php\/wp-json\/wp\/v2\/posts\/140\/revisions"}],"predecessor-version":[{"id":155,"href":"https:\/\/vdlmanagement.com\/index.php\/wp-json\/wp\/v2\/posts\/140\/revisions\/155"}],"wp:attachment":[{"href":"https:\/\/vdlmanagement.com\/index.php\/wp-json\/wp\/v2\/media?parent=140"}],"wp:term":[{"taxonomy":"category","embeddable":true,"href":"https:\/\/vdlmanagement.com\/index.php\/wp-json\/wp\/v2\/categories?post=140"},{"taxonomy":"post_tag","embeddable":true,"href":"https:\/\/vdlmanagement.com\/index.php\/wp-json\/wp\/v2\/tags?post=140"}],"curies":[{"name":"wp","href":"https:\/\/api.w.org\/{rel}","templated":true}]}}